{"id":8594,"date":"2026-04-29T13:43:25","date_gmt":"2026-04-29T16:43:25","guid":{"rendered":"https:\/\/entorno24h.com.br\/?p=8594"},"modified":"2026-04-29T13:43:25","modified_gmt":"2026-04-29T16:43:25","slug":"prefeitura-lanca-campanha-e-chama-contribuintes-a-destinar-parte-do-ir-para-fundos-sociais","status":"publish","type":"post","link":"https:\/\/entorno24h.com.br\/index.php\/2026\/04\/29\/prefeitura-lanca-campanha-e-chama-contribuintes-a-destinar-parte-do-ir-para-fundos-sociais\/","title":{"rendered":"Prefeitura lan\u00e7a campanha e chama contribuintes a destinar parte do IR para fundos sociais"},"content":{"rendered":"<p>O prefeito de <strong>Aparecida de Goi\u00e2nia<\/strong>, <strong>Leandro Vilela<\/strong>, lan\u00e7ou nesta ter\u00e7a\u2011feira, na Cidade Administrativa Maguito Vilela, uma <strong>campanha para incentivar a destina\u00e7\u00e3o de parte do Imposto de Renda (IR)<\/strong> aos <strong>Fundos Municipais da Crian\u00e7a e do Adolescente<\/strong> e do <strong>Idoso<\/strong>. Segundo proje\u00e7\u00f5es do Conselho Regional de Contabilidade de Goi\u00e1s (CRC\u2011GO), a cidade tem potencial para arrecadar at\u00e9 <strong>R$ 18 milh\u00f5es<\/strong> com essas destina\u00e7\u00f5es, recurso que financiar\u00e1 a\u00e7\u00f5es de assist\u00eancia a crian\u00e7as, adolescentes e idosos em situa\u00e7\u00e3o de vulnerabilidade.<\/p>\n<p>A iniciativa refor\u00e7a que a destina\u00e7\u00e3o <strong>n\u00e3o aumenta o valor do imposto a pagar<\/strong>: o contribuinte pode direcionar at\u00e9 <strong>6% do IR devido<\/strong>, sendo <strong>at\u00e9 3% diretamente na declara\u00e7\u00e3o<\/strong> e os outros 3% por meio de doa\u00e7\u00f5es antecipadas ao longo do ano. \u00c9 poss\u00edvel ainda dividir o percentual entre o Fundo da Crian\u00e7a e do Adolescente e o Fundo do Idoso. Para dar o exemplo, o pr\u00f3prio prefeito informou que destinar\u00e1 o percentual permitido em sua declara\u00e7\u00e3o de pessoa f\u00edsica, e a secret\u00e1ria de Assist\u00eancia Social, Carol Ara\u00fajo, tamb\u00e9m confirmou ades\u00e3o \u00e0 campanha.<\/p>\n<p>Especialistas do CRC\u2011GO e representantes locais destacaram que a baixa ades\u00e3o hist\u00f3rica se deve, em grande parte, ao desconhecimento do procedimento. Para facilitar, a campanha traz um <strong>passo a passo pr\u00e1tico<\/strong> dentro do programa da declara\u00e7\u00e3o do IR: acessar o resumo da declara\u00e7\u00e3o pelo modelo completo, escolher \u201cDoa\u00e7\u00f5es diretamente da declara\u00e7\u00e3o\u201d para Crian\u00e7a e do Adolescente ou Idoso, selecionar Munic\u00edpio: Aparecida de Goi\u00e2nia (UF: GO), informar o valor dentro do limite e gerar o DARF para pagamento na rede banc\u00e1ria; o comprovante deve ser enviado para habilita\u00e7\u00e3o ao selo \u201cAmigos da Crian\u00e7a, do Adolescente e do Idoso\u201d pelo e\u2011mail cmdca.ap@hotmail.com.<\/p>\n<p>O lan\u00e7amento contou com a presen\u00e7a de vereadores, representantes do Minist\u00e9rio P\u00fablico e da Associa\u00e7\u00e3o Comercial, e recebeu apoio institucional do CMDCA, do Conselho Municipal do Idoso, do Minist\u00e9rio P\u00fablico do Trabalho, do CRC\u2011GO, do Tribunal de Contas dos Munic\u00edpios, do Minist\u00e9rio P\u00fablico do Estado de Goi\u00e1s e da Subse\u00e7\u00e3o da OAB de Aparecida de Goi\u00e2nia. O CRC\u2011GO tamb\u00e9m se comprometeu a mobilizar contadores para orientar contribuintes e ampliar a ades\u00e3o.<\/p>\n<p>A campanha busca transformar a destina\u00e7\u00e3o do IR em instrumento efetivo de pol\u00edtica p\u00fablica local: al\u00e9m de facilitar a formaliza\u00e7\u00e3o das doa\u00e7\u00f5es, pretende sensibilizar cidad\u00e3os e empresas sobre o impacto direto desses recursos na prote\u00e7\u00e3o social de grupos vulner\u00e1veis. Contribuintes interessados em colaborar podem seguir o procedimento na declara\u00e7\u00e3o do Imposto de Renda e enviar o comprovante ao CMDCA para receber o selo de reconhecimento.<\/p>\n","protected":false},"excerpt":{"rendered":"<p>O prefeito de Aparecida de Goi\u00e2nia, Leandro Vilela, lan\u00e7ou nesta ter\u00e7a\u2011feira, na Cidade Administrativa Maguito Vilela, uma campanha para incentivar a destina\u00e7\u00e3o de parte do Imposto de Renda (IR) aos Fundos Municipais da Crian\u00e7a e do Adolescente e do Idoso. Segundo proje\u00e7\u00f5es do Conselho Regional de Contabilidade de Goi\u00e1s (CRC\u2011GO), a cidade tem potencial para [&hellip;]<\/p>\n","protected":false},"author":1,"featured_media":8595,"comment_status":"open","ping_status":"open","sticky":false,"template":"","format":"standard","meta":{"ocean_post_layout":"","ocean_both_sidebars_style":"","ocean_both_sidebars_content_width":0,"ocean_both_sidebars_sidebars_width":0,"ocean_sidebar":"0","ocean_second_sidebar":"0","ocean_disable_margins":"enable","ocean_add_body_class":"","ocean_shortcode_before_top_bar":"","ocean_shortcode_after_top_bar":"","ocean_shortcode_before_header":"","ocean_shortcode_after_header":"","ocean_has_shortcode":"","ocean_shortcode_after_title":"","ocean_shortcode_before_footer_widgets":"","ocean_shortcode_after_footer_widgets":"","ocean_shortcode_before_footer_bottom":"","ocean_shortcode_after_footer_bottom":"","ocean_display_top_bar":"default","ocean_display_header":"default","ocean_header_style":"","ocean_center_header_left_menu":"0","ocean_custom_header_template":"0","ocean_custom_logo":0,"ocean_custom_retina_logo":0,"ocean_custom_logo_max_width":0,"ocean_custom_logo_tablet_max_width":0,"ocean_custom_logo_mobile_max_width":0,"ocean_custom_logo_max_height":0,"ocean_custom_logo_tablet_max_height":0,"ocean_custom_logo_mobile_max_height":0,"ocean_header_custom_menu":"0","ocean_menu_typo_font_family":"0","ocean_menu_typo_font_subset":"","ocean_menu_typo_font_size":0,"ocean_menu_typo_font_size_tablet":0,"ocean_menu_typo_font_size_mobile":0,"ocean_menu_typo_font_size_unit":"px","ocean_menu_typo_font_weight":"","ocean_menu_typo_font_weight_tablet":"","ocean_menu_typo_font_weight_mobile":"","ocean_menu_typo_transform":"","ocean_menu_typo_transform_tablet":"","ocean_menu_typo_transform_mobile":"","ocean_menu_typo_line_height":0,"ocean_menu_typo_line_height_tablet":0,"ocean_menu_typo_line_height_mobile":0,"ocean_menu_typo_line_height_unit":"","ocean_menu_typo_spacing":0,"ocean_menu_typo_spacing_tablet":0,"ocean_menu_typo_spacing_mobile":0,"ocean_menu_typo_spacing_unit":"","ocean_menu_link_color":"","ocean_menu_link_color_hover":"","ocean_menu_link_color_active":"","ocean_menu_link_background":"","ocean_menu_link_hover_background":"","ocean_menu_link_active_background":"","ocean_menu_social_links_bg":"","ocean_menu_social_hover_links_bg":"","ocean_menu_social_links_color":"","ocean_menu_social_hover_links_color":"","ocean_disable_title":"default","ocean_disable_heading":"default","ocean_post_title":"","ocean_post_subheading":"","ocean_post_title_style":"","ocean_post_title_background_color":"","ocean_post_title_background":0,"ocean_post_title_bg_image_position":"","ocean_post_title_bg_image_attachment":"","ocean_post_title_bg_image_repeat":"","ocean_post_title_bg_image_size":"","ocean_post_title_height":0,"ocean_post_title_bg_overlay":0.5,"ocean_post_title_bg_overlay_color":"","ocean_disable_breadcrumbs":"default","ocean_breadcrumbs_color":"","ocean_breadcrumbs_separator_color":"","ocean_breadcrumbs_links_color":"","ocean_breadcrumbs_links_hover_color":"","ocean_display_footer_widgets":"default","ocean_display_footer_bottom":"default","ocean_custom_footer_template":"0","omw_enable_modal_window":"enable","_joinchat":[],"ocean_post_oembed":"","ocean_post_self_hosted_media":"","ocean_post_video_embed":"","ocean_link_format":"","ocean_link_format_target":"self","ocean_quote_format":"","ocean_quote_format_link":"post","ocean_gallery_link_images":"on","ocean_gallery_id":[],"footnotes":""},"categories":[28],"tags":[],"class_list":["post-8594","post","type-post","status-publish","format-standard","has-post-thumbnail","hentry","category-aparecida-de-goiania","entry","has-media"],"_links":{"self":[{"href":"https:\/\/entorno24h.com.br\/index.php\/wp-json\/wp\/v2\/posts\/8594","targetHints":{"allow":["GET"]}}],"collection":[{"href":"https:\/\/entorno24h.com.br\/index.php\/wp-json\/wp\/v2\/posts"}],"about":[{"href":"https:\/\/entorno24h.com.br\/index.php\/wp-json\/wp\/v2\/types\/post"}],"author":[{"embeddable":true,"href":"https:\/\/entorno24h.com.br\/index.php\/wp-json\/wp\/v2\/users\/1"}],"replies":[{"embeddable":true,"href":"https:\/\/entorno24h.com.br\/index.php\/wp-json\/wp\/v2\/comments?post=8594"}],"version-history":[{"count":1,"href":"https:\/\/entorno24h.com.br\/index.php\/wp-json\/wp\/v2\/posts\/8594\/revisions"}],"predecessor-version":[{"id":8596,"href":"https:\/\/entorno24h.com.br\/index.php\/wp-json\/wp\/v2\/posts\/8594\/revisions\/8596"}],"wp:featuredmedia":[{"embeddable":true,"href":"https:\/\/entorno24h.com.br\/index.php\/wp-json\/wp\/v2\/media\/8595"}],"wp:attachment":[{"href":"https:\/\/entorno24h.com.br\/index.php\/wp-json\/wp\/v2\/media?parent=8594"}],"wp:term":[{"taxonomy":"category","embeddable":true,"href":"https:\/\/entorno24h.com.br\/index.php\/wp-json\/wp\/v2\/categories?post=8594"},{"taxonomy":"post_tag","embeddable":true,"href":"https:\/\/entorno24h.com.br\/index.php\/wp-json\/wp\/v2\/tags?post=8594"}],"curies":[{"name":"wp","href":"https:\/\/api.w.org\/{rel}","templated":true}]}}